{"id":8864,"date":"2026-04-01T08:39:41","date_gmt":"2026-04-01T07:39:41","guid":{"rendered":"https:\/\/arverne.earth\/?p=8864"},"modified":"2026-04-01T08:39:41","modified_gmt":"2026-04-01T07:39:41","slug":"chef-de-projets-etudes-et-realisation-h-f","status":"publish","type":"post","link":"https:\/\/arverne.earth\/en\/chef-de-projets-etudes-et-realisation-h-f\/","title":{"rendered":"Chef de projets \u00e9tudes et r\u00e9alisation (h\/f)"},"content":{"rendered":"<div class=\"intuitioncompanydescription\">\n<h3>Entreprise<\/h3>\n<div class=\"intuitiondescription\">\n<p>Avec son si\u00e8ge \u00e0 Pau (64), Arverne, 1er fournisseur fran\u00e7ais de solutions g\u00e9othermales, soci\u00e9t\u00e9 \u00e0 mission, recrute pour son activit\u00e9 Chaleur et Froid un(e) Chef(fe) de projet \u00e9tudes et r\u00e9alisation. Arverne ambitionne le d\u00e9veloppement de production et de vente de chaleur et de froid \u00e0 travers la g\u00e9othermie profonde et de surface pour les r\u00e9seaux de chaleur urbain (RCU), l\u2019industrie, et l\u2019agroalimentaire.<\/p>\n<p>Poste bas\u00e9 \u00e0 Pau.<\/p>\n<\/div><\/div>\n<div class=\"intuitionpositiondescription\">\n<h3>Poste<\/h3>\n<div class=\"intuitiondescription\">\n<p>Rattach\u00e9 au Responsable Projets et Travaux, le\/la chef(fe) de projet \u00e9tudes et r\u00e9alisation pilote et coordonne les projets de la phase commerciale de conception g\u00e9n\u00e9rale jusqu\u2019\u00e0 la phase r\u00e9alisation et la r\u00e9ception des ouvrages. Les installations de production sont principalement de la g\u00e9othermie de surface ou profonde avec ces appoints et secours. Il\/elle assure la planification, la coordination globale des diff\u00e9rents interlocuteurs, tout en garantissant le respect des d\u00e9lais d\u2019\u00e9tudes, de r\u00e9ponse d\u2019appel d\u2019offre, d\u2019\u00e9laboration du budget de r\u00e9f\u00e9rence, de respect du planning op\u00e9rationnel en phase ex\u00e9cution et le respect des normes de qualit\u00e9 et de s\u00e9curit\u00e9.\u00a0<\/p>\n<p><u>Activit\u00e9s principales<\/u><\/p>\n<p><strong>Pr\u00e9paration et planification des projets y compris durant la phase commerciale<\/strong><\/p>\n<ul>\n<li>Pr\u00e9paration du programme projet issu des hypoth\u00e8ses de r\u00e9f\u00e9rence<\/li>\n<li>S\u00e9lection de l\u2019encadrement MOE, architecte, CSPS, BC, BE sp\u00e9cialiste, g\u00e9oscience\u2026.<\/li>\n<li>Analyse des dossiers techniques (APS\/APD\/PRO-DCE\/EXE) en lien avec les \u00e9quipes d\u2019ing\u00e9nierie<\/li>\n<li>D\u00e9finition des plannings de travaux et des jalons cl\u00e9s<\/li>\n<li>Pr\u00e9paration des \u00e9l\u00e9ments contractuels et administratifs : Appel d\u2019offre, contrats, d\u00e9clarations, permis, \u2026<\/li>\n<li>Coordination avec les parties prenantes : bureaux d\u2019\u00e9tudes, ing\u00e9nieurs g\u00e9othermie, collectivit\u00e9s, partenaires, etc.<\/li>\n<\/ul>\n<p><strong>Suivi et pilotage des travaux<\/strong><\/p>\n<ul>\n<li>Supervision quotidienne des chantiers (g\u00e9othermie profonde, GMI, nappe)<\/li>\n<li>Encadrement des entreprises de travaux (forage, g\u00e9nie civil, raccordement, PAC\u2026)<\/li>\n<li>Contr\u00f4le de la conformit\u00e9 technique et de la qualit\u00e9 d\u2019ex\u00e9cution<\/li>\n<li>Suivi des d\u00e9lais, du budget, des livrables et des indicateurs de performance chantier<\/li>\n<li>Coordonne les travaux pour la pr\u00e9paration de la mise en exploitation<\/li>\n<\/ul>\n<p><strong>S\u00e9curit\u00e9, qualit\u00e9 et environnement<\/strong><\/p>\n<ul>\n<li>Veille au respect des normes de s\u00e9curit\u00e9, hygi\u00e8ne et environnement<\/li>\n<li>Suivi des impacts environnementaux du chantier, gestion des d\u00e9chets, conformit\u00e9 des forages<\/li>\n<\/ul>\n<p><strong>Relation client et reporting<\/strong><\/p>\n<ul>\n<li>Communication avec les clients et ma\u00eetres d\u2019ouvrage sur l\u2019\u00e9tat d\u2019avancement des travaux<\/li>\n<li>R\u00e9daction de comptes rendus de chantier et rapports d\u2019avancement<\/li>\n<\/ul>\n<\/div><\/div>\n<div class=\"intuitionprofiledescription\">\n<h3>Profil<\/h3>\n<div class=\"intuitiondescription\">\n<p><u>Profil<\/u><\/p>\n<p><strong>Savoir\u00a0<\/strong><\/p>\n<ul>\n<li>Bac + 3\/5 en \u00e9nergie<\/li>\n<li>3 \u00e0 5 ans d\u2019exp\u00e9rience minimum dans la gestion de chantiers ou projets travaux, id\u00e9alement dans le secteur des \u00e9nergies renouvelables ou de la g\u00e9othermie<\/li>\n<li>Bonne connaissance des outils de gestion de projet (MS Project) et des logiciels techniques (AutoCAD)<\/li>\n<\/ul>\n<p><strong>Savoir-faire\u00a0<\/strong><\/p>\n<ul>\n<li data-end=\"224\" data-section-id=\"17nxbdi\" data-start=\"114\">Gestion de projet chantier\u00a0: planification, coordination, encadrement et pilotage d\u2019\u00e9quipes pluridisciplinaires<\/li>\n<li data-end=\"321\" data-section-id=\"6mbtnn\" data-start=\"225\">Pilotage technique : supervision forage, g\u00e9nie civil, PAC et contr\u00f4le qualit\u00e9\/conformit\u00e9<\/li>\n<li data-end=\"437\" data-section-id=\"1vmiebm\" data-start=\"322\">Suivi budg\u00e9taire et contractuel : ma\u00eetrise des co\u00fbts, gestion des \u00e9carts, respect des d\u00e9lais et engagements<\/li>\n<li data-end=\"558\" data-section-id=\"n54cw4\" data-start=\"438\">Communication et reporting : interface clients\/partenaires, animation de r\u00e9unions et r\u00e9daction de comptes rendus<\/li>\n<li data-end=\"595\" data-section-id=\"1rqlowv\" data-start=\"559\">Coordination multi-technique<\/li>\n<li data-end=\"687\" data-section-id=\"l45onr\" data-start=\"596\">D\u00e9marches administratives : PC, ICPE, AR-DAOT ENV, Natura 2000, examens cas par cas<\/li>\n<\/ul>\n<p><strong>Savoir-\u00eatre<\/strong><\/p>\n<ul>\n<li data-end=\"261\" data-section-id=\"1cc3vk2\" data-start=\"111\">Rigueur et organisation : gestion simultan\u00e9e de plusieurs projets ou chantiers, suivi des proc\u00e9dures, priorisation et anticipation des risques<\/li>\n<li data-end=\"412\" data-section-id=\"15ypnrj\" data-start=\"262\">Autonomie : prise de d\u00e9cisions techniques et organisationnelles sur le terrain, gestion efficace des impr\u00e9vus<\/li>\n<li data-end=\"509\" data-section-id=\"zk5l24\" data-start=\"413\">Esprit d\u2019analyse et de synth\u00e8se : restitution claire et structur\u00e9e des informations cl\u00e9s<\/li>\n<\/ul>\n<\/div><\/div>\n<p class=\"intuitionapply\">\n    <a href=\"https:\/\/jobaffinity.fr\/apply\/16f783wjlyc7kq25gi?src=2Gr%C3%A9%20Wordpress\" target=\"_blank\">Candidater<\/a>\n  <\/p>","protected":false},"excerpt":{"rendered":"<p>Entreprise Avec son si\u00e8ge \u00e0 Pau (64), Arverne, 1er fournisseur fran\u00e7ais de solutions g\u00e9othermales, soci\u00e9t\u00e9 \u00e0 mission, recrute pour son activit\u00e9 Chaleur et Froid un(e) Chef(fe) de projet \u00e9tudes et r\u00e9alisation. Arverne ambitionne le d\u00e9veloppement de production et de vente de chaleur et de froid \u00e0 travers la g\u00e9othermie profonde et de surface pour les [&hellip;]<\/p>","protected":false},"author":6,"featured_media":0,"comment_status":"open","ping_status":"open","sticky":false,"template":"","format":"standard","meta":{"footnotes":""},"categories":[1],"tags":[],"class_list":["post-8864","post","type-post","status-publish","format-standard","hentry","category-actualite"],"_links":{"self":[{"href":"https:\/\/arverne.earth\/en\/wp-json\/wp\/v2\/posts\/8864","targetHints":{"allow":["GET"]}}],"collection":[{"href":"https:\/\/arverne.earth\/en\/wp-json\/wp\/v2\/posts"}],"about":[{"href":"https:\/\/arverne.earth\/en\/wp-json\/wp\/v2\/types\/post"}],"author":[{"embeddable":true,"href":"https:\/\/arverne.earth\/en\/wp-json\/wp\/v2\/users\/6"}],"replies":[{"embeddable":true,"href":"https:\/\/arverne.earth\/en\/wp-json\/wp\/v2\/comments?post=8864"}],"version-history":[{"count":1,"href":"https:\/\/arverne.earth\/en\/wp-json\/wp\/v2\/posts\/8864\/revisions"}],"predecessor-version":[{"id":8865,"href":"https:\/\/arverne.earth\/en\/wp-json\/wp\/v2\/posts\/8864\/revisions\/8865"}],"wp:attachment":[{"href":"https:\/\/arverne.earth\/en\/wp-json\/wp\/v2\/media?parent=8864"}],"wp:term":[{"taxonomy":"category","embeddable":true,"href":"https:\/\/arverne.earth\/en\/wp-json\/wp\/v2\/categories?post=8864"},{"taxonomy":"post_tag","embeddable":true,"href":"https:\/\/arverne.earth\/en\/wp-json\/wp\/v2\/tags?post=8864"}],"curies":[{"name":"wp","href":"https:\/\/api.w.org\/{rel}","templated":true}]}}